{"id":2769,"date":"2023-10-02T17:16:05","date_gmt":"2023-10-02T15:16:05","guid":{"rendered":"https:\/\/newsletterturismoisrael.promotourist.com\/?p=2769"},"modified":"2023-10-02T17:16:06","modified_gmt":"2023-10-02T15:16:06","slug":"um-ano-historico-o-ministro-do-turismo-de-israel-haim-katz-viaja-pela-arabia-saudita","status":"publish","type":"post","link":"https:\/\/newsletterturismoisrael.promotourist.com\/pt-pt\/02\/10\/2023um-ano-historico-o-ministro-do-turismo-de-israel-haim-katz-viaja-pela-arabia-saudita\/","title":{"rendered":"Um ano hist\u00f3rico: o Ministro do Turismo de Israel, Haim Katz, viaja pela Ar\u00e1bia Saudita"},"content":{"rendered":"\n<p>O ministro do Turismo de Israel, Haim Katz, e sua delega\u00e7\u00e3o participaram da confer\u00eancia da OMT (Organiza\u00e7\u00e3o Mundial do Turismo) por motivo do Dia Mundial do Turismo, no passado 27 de setembro em Riad. Katz \u00e9 o primeiro ministro do governo israelense e liderou uma delega\u00e7\u00e3o oficial na Ar\u00e1bia Saudita, que converteu esta viagem em um per\u00edodo totalmente hist\u00f3rico. Katz participou de v\u00e1rios eventos profissionais e tamb\u00e9m contou com uma agenda de reuni\u00f5es com seus hom\u00f3logos do Oriente M\u00e9dio.<\/p>\n\n\n\n<p>Durante o \u00faltimo ano e sob a lideran\u00e7a de Katz, Israel fortaleceu sua posi\u00e7\u00e3o na OMT. Recentemente, o pa\u00eds mediterr\u00e2neo foi eleito para ocupar uma carga oficial nas Na\u00e7\u00f5es Unidas e liderou um grupo de trabalho junto com a Espanha para dar forma ao conceito de turismo global da organiza\u00e7\u00e3o.<\/p>\n\n\n\n<p>O ministro do Turismo de Israel, Haim Katz declarou que: \u201cO turismo \u00e9 uma ponte entre na\u00e7\u00f5es. A associa\u00e7\u00e3o em quest\u00f5es tur\u00edsticas tem o potencial de unir cora\u00e7\u00f5es e fomentar a prosperidade econ\u00f4mica. Trabalhamos para criar colabora\u00e7\u00f5es que impulsionem o turismo e as rela\u00e7\u00f5es exteriores de Israel\u201d.<\/p>\n","protected":false},"excerpt":{"rendered":"<p>O ministro do Turismo de Israel, Haim Katz, e sua delega\u00e7\u00e3o participaram da confer\u00eancia da OMT (Organiza\u00e7\u00e3o Mundial do Turismo)<span class=\"read-more\">[&hellip;]<\/span><\/p>\n","protected":false},"author":5,"featured_media":2756,"comment_status":"closed","ping_status":"closed","sticky":false,"template":"","format":"standard","meta":[],"categories":[7],"tags":[],"_links":{"self":[{"href":"https:\/\/newsletterturismoisrael.promotourist.com\/pt-pt\/wp-json\/wp\/v2\/posts\/2769"}],"collection":[{"href":"https:\/\/newsletterturismoisrael.promotourist.com\/pt-pt\/wp-json\/wp\/v2\/posts"}],"about":[{"href":"https:\/\/newsletterturismoisrael.promotourist.com\/pt-pt\/wp-json\/wp\/v2\/types\/post"}],"author":[{"embeddable":true,"href":"https:\/\/newsletterturismoisrael.promotourist.com\/pt-pt\/wp-json\/wp\/v2\/users\/5"}],"replies":[{"embeddable":true,"href":"https:\/\/newsletterturismoisrael.promotourist.com\/pt-pt\/wp-json\/wp\/v2\/comments?post=2769"}],"version-history":[{"count":1,"href":"https:\/\/newsletterturismoisrael.promotourist.com\/pt-pt\/wp-json\/wp\/v2\/posts\/2769\/revisions"}],"predecessor-version":[{"id":2770,"href":"https:\/\/newsletterturismoisrael.promotourist.com\/pt-pt\/wp-json\/wp\/v2\/posts\/2769\/revisions\/2770"}],"wp:featuredmedia":[{"embeddable":true,"href":"https:\/\/newsletterturismoisrael.promotourist.com\/pt-pt\/wp-json\/wp\/v2\/media\/2756"}],"wp:attachment":[{"href":"https:\/\/newsletterturismoisrael.promotourist.com\/pt-pt\/wp-json\/wp\/v2\/media?parent=2769"}],"wp:term":[{"taxonomy":"category","embeddable":true,"href":"https:\/\/newsletterturismoisrael.promotourist.com\/pt-pt\/wp-json\/wp\/v2\/categories?post=2769"},{"taxonomy":"post_tag","embeddable":true,"href":"https:\/\/newsletterturismoisrael.promotourist.com\/pt-pt\/wp-json\/wp\/v2\/tags?post=2769"}],"curies":[{"name":"wp","href":"https:\/\/api.w.org\/{rel}","templated":true}]}}